{"id":3324,"date":"2024-09-03T14:32:01","date_gmt":"2024-09-03T12:32:01","guid":{"rendered":"http:\/\/www.salsa-im-wendland.de\/?p=3324"},"modified":"2024-11-10T13:47:45","modified_gmt":"2024-11-10T12:47:45","slug":"09-november-save-the-date","status":"publish","type":"post","link":"http:\/\/www.salsa-im-wendland.de\/?p=3324","title":{"rendered":"09.11. \ud83c\uddf2\ud83c\uddfa : Salsa Azul &#8211; Konzert"},"content":{"rendered":"\n<p><strong>Die Salsa Band  &#8220; Salsa Azul &#8220;  aus Berlin kommt wieder nach Platenlaase  <\/strong>\ud83e\udd29 <strong><span class=\"has-inline-color has-blue-color\">Konzertbeginn 20.30 Uhr &#8211; Tanzeinf\u00fchrung ab 19 Uhr !<\/span><\/strong><br>Salsa Azul, das ist treibender Rhythmus, das sind satte Bl\u00e4sers\u00e4tze, S\u00e4ngerinnen und Chor! Das ist Lebendigkeit und Lebensfreude! Mit Titeln von Celia Cruz, Tinto Puente, Juan Carlos Formell, eigenen Kompositionen des Bandleaders Jotham Bleiberg und vielen mehr erz\u00e4hlt die Band von Liebe und Aufbegehren, Resignation und Revulotion und bringt den Saal zum Tr\u00e4umen und Tanzen  \ud83c\udfb6 \ud83c\udfb6\ud83c\udfb6\ud83c\udfb6\ud83c\udfb6\ud83c\udfb6\ud83c\udfb6    <strong>Und ab 06. 11. lernen wir in Dannenberg<\/strong> <strong>im KVHS-Kurs schon einmal den Grundschritt und erste \u00dcbungen f\u00fcr die Rueda de Casino<\/strong>!\ud83d\udc83\ud83d\udd7a<\/p>\n\n\n\n<p><span style=\"color:#a3009e\" class=\"has-inline-color\"><strong>Eintrritt 15 \u20ac \/ erm\u00e4\u00dfigt 12 \u20ac<\/strong><\/span><\/p>\n\n\n\n<figure class=\"wp-block-gallery columns-1 is-cropped\"><ul class=\"blocks-gallery-grid\"><li class=\"blocks-gallery-item\"><figure><img loading=\"lazy\" width=\"1024\" height=\"526\" src=\"http:\/\/www.salsa-im-wendland.de\/wp-content\/uploads\/2024\/09\/20240909_145621-1024x526.jpg\" alt=\"\" data-id=\"3340\" data-full-url=\"http:\/\/www.salsa-im-wendland.de\/wp-content\/uploads\/2024\/09\/20240909_145621.jpg\" data-link=\"http:\/\/www.salsa-im-wendland.de\/?attachment_id=3340\" class=\"wp-image-3340\" srcset=\"http:\/\/www.salsa-im-wendland.de\/wp-content\/uploads\/2024\/09\/20240909_145621-1024x526.jpg 1024w, http:\/\/www.salsa-im-wendland.de\/wp-content\/uploads\/2024\/09\/20240909_145621-300x154.jpg 300w, http:\/\/www.salsa-im-wendland.de\/wp-content\/uploads\/2024\/09\/20240909_145621-768x394.jpg 768w, http:\/\/www.salsa-im-wendland.de\/wp-content\/uploads\/2024\/09\/20240909_145621-1536x789.jpg 1536w, http:\/\/www.salsa-im-wendland.de\/wp-content\/uploads\/2024\/09\/20240909_145621-500x257.jpg 500w, http:\/\/www.salsa-im-wendland.de\/wp-content\/uploads\/2024\/09\/20240909_145621.jpg 1906w\" sizes=\"(max-width: 1024px) 100vw, 1024px\" \/><\/figure><\/li><\/ul><\/figure>\n","protected":false},"excerpt":{"rendered":"<p>Die Salsa Band &#8220; Salsa Azul &#8220; aus Berlin kommt wieder nach Platenlaase \ud83e\udd29 Konzertbeginn 20.30 Uhr &#8211; Tanzeinf\u00fchrung ab 19 Uhr !Salsa Azul, das ist treibender Rhythmus, das sind satte Bl\u00e4sers\u00e4tze, S\u00e4ngerinnen und Chor! Das ist Lebendigkeit und Lebensfreude! &hellip; <a href=\"http:\/\/www.salsa-im-wendland.de\/?p=3324\">Weiterlesen <span class=\"meta-nav\">&rarr;<\/span><\/a><\/p>\n","protected":false},"author":3,"featured_media":0,"comment_status":"closed","ping_status":"open","sticky":false,"template":"","format":"standard","meta":[],"categories":[1],"tags":[],"_links":{"self":[{"href":"http:\/\/www.salsa-im-wendland.de\/index.php?rest_route=\/wp\/v2\/posts\/3324"}],"collection":[{"href":"http:\/\/www.salsa-im-wendland.de\/index.php?rest_route=\/wp\/v2\/posts"}],"about":[{"href":"http:\/\/www.salsa-im-wendland.de\/index.php?rest_route=\/wp\/v2\/types\/post"}],"author":[{"embeddable":true,"href":"http:\/\/www.salsa-im-wendland.de\/index.php?rest_route=\/wp\/v2\/users\/3"}],"replies":[{"embeddable":true,"href":"http:\/\/www.salsa-im-wendland.de\/index.php?rest_route=%2Fwp%2Fv2%2Fcomments&post=3324"}],"version-history":[{"count":16,"href":"http:\/\/www.salsa-im-wendland.de\/index.php?rest_route=\/wp\/v2\/posts\/3324\/revisions"}],"predecessor-version":[{"id":3362,"href":"http:\/\/www.salsa-im-wendland.de\/index.php?rest_route=\/wp\/v2\/posts\/3324\/revisions\/3362"}],"wp:attachment":[{"href":"http:\/\/www.salsa-im-wendland.de\/index.php?rest_route=%2Fwp%2Fv2%2Fmedia&parent=3324"}],"wp:term":[{"taxonomy":"category","embeddable":true,"href":"http:\/\/www.salsa-im-wendland.de\/index.php?rest_route=%2Fwp%2Fv2%2Fcategories&post=3324"},{"taxonomy":"post_tag","embeddable":true,"href":"http:\/\/www.salsa-im-wendland.de\/index.php?rest_route=%2Fwp%2Fv2%2Ftags&post=3324"}],"curies":[{"name":"wp","href":"https:\/\/api.w.org\/{rel}","templated":true}]}}