{"id":3286,"date":"2024-05-30T12:54:12","date_gmt":"2024-05-30T10:54:12","guid":{"rendered":"http:\/\/www.salsa-im-wendland.de\/?p=3286"},"modified":"2024-05-30T12:54:12","modified_gmt":"2024-05-30T10:54:12","slug":"15-06-%f0%9f%87%b2%f0%9f%87%ba-salsa-club-goes-kuba","status":"publish","type":"post","link":"http:\/\/www.salsa-im-wendland.de\/?p=3286","title":{"rendered":"15.06. \ud83c\uddf2\ud83c\uddfa  Salsa Club goes KuBa"},"content":{"rendered":"\n<p>Ab 19 Uhr wollen wir tanzen, tratschen und \ud83c\udf79 schon einmal den Sommer mit hei\u00dfen Rhythmen begr\u00fc\u00dfen \ud83d\udc83\ud83d\udd7a<\/p>\n","protected":false},"excerpt":{"rendered":"<p>Ab 19 Uhr wollen wir tanzen, tratschen und \ud83c\udf79 schon einmal den Sommer mit hei\u00dfen Rhythmen begr\u00fc\u00dfen \ud83d\udc83\ud83d\udd7a<\/p>\n","protected":false},"author":3,"featured_media":0,"comment_status":"closed","ping_status":"open","sticky":false,"template":"","format":"standard","meta":[],"categories":[1],"tags":[],"_links":{"self":[{"href":"http:\/\/www.salsa-im-wendland.de\/index.php?rest_route=\/wp\/v2\/posts\/3286"}],"collection":[{"href":"http:\/\/www.salsa-im-wendland.de\/index.php?rest_route=\/wp\/v2\/posts"}],"about":[{"href":"http:\/\/www.salsa-im-wendland.de\/index.php?rest_route=\/wp\/v2\/types\/post"}],"author":[{"embeddable":true,"href":"http:\/\/www.salsa-im-wendland.de\/index.php?rest_route=\/wp\/v2\/users\/3"}],"replies":[{"embeddable":true,"href":"http:\/\/www.salsa-im-wendland.de\/index.php?rest_route=%2Fwp%2Fv2%2Fcomments&post=3286"}],"version-history":[{"count":2,"href":"http:\/\/www.salsa-im-wendland.de\/index.php?rest_route=\/wp\/v2\/posts\/3286\/revisions"}],"predecessor-version":[{"id":3289,"href":"http:\/\/www.salsa-im-wendland.de\/index.php?rest_route=\/wp\/v2\/posts\/3286\/revisions\/3289"}],"wp:attachment":[{"href":"http:\/\/www.salsa-im-wendland.de\/index.php?rest_route=%2Fwp%2Fv2%2Fmedia&parent=3286"}],"wp:term":[{"taxonomy":"category","embeddable":true,"href":"http:\/\/www.salsa-im-wendland.de\/index.php?rest_route=%2Fwp%2Fv2%2Fcategories&post=3286"},{"taxonomy":"post_tag","embeddable":true,"href":"http:\/\/www.salsa-im-wendland.de\/index.php?rest_route=%2Fwp%2Fv2%2Ftags&post=3286"}],"curies":[{"name":"wp","href":"https:\/\/api.w.org\/{rel}","templated":true}]}}