{"id":3267,"date":"2024-04-04T13:00:26","date_gmt":"2024-04-04T11:00:26","guid":{"rendered":"http:\/\/www.salsa-im-wendland.de\/?p=3267"},"modified":"2024-04-04T13:00:26","modified_gmt":"2024-04-04T11:00:26","slug":"27-04-%f0%9f%87%b2%f0%9f%87%ba-kvhs-salsa-tanzabend-in-platenlaase","status":"publish","type":"post","link":"http:\/\/www.salsa-im-wendland.de\/?p=3267","title":{"rendered":"27.04. \ud83c\uddf2\ud83c\uddfa KVHS-SALSA-TANZABEND in Platenlaase"},"content":{"rendered":"\n<p><strong>ab 19Uhr mit Matthias und einem Workshop f\u00fcr ALLE, <\/strong> die die Salsaschritte und erste Drehungen erproben m\u00f6chten \ud83d\udc83\ud83d\udd7a<br>Bei der anschlie\u00dfenden Party k\u00f6nnen wir das Erlernte dann gleich anwenden und die wunderbare kubanische Leichtigkeit sp\u00fcren \ud83c\udfb6\ud83e\udd42<\/p>\n","protected":false},"excerpt":{"rendered":"<p>ab 19Uhr mit Matthias und einem Workshop f\u00fcr ALLE, die die Salsaschritte und erste Drehungen erproben m\u00f6chten \ud83d\udc83\ud83d\udd7aBei der anschlie\u00dfenden Party k\u00f6nnen wir das Erlernte dann gleich anwenden und die wunderbare kubanische Leichtigkeit sp\u00fcren \ud83c\udfb6\ud83e\udd42<\/p>\n","protected":false},"author":3,"featured_media":0,"comment_status":"closed","ping_status":"open","sticky":false,"template":"","format":"standard","meta":[],"categories":[1],"tags":[],"_links":{"self":[{"href":"http:\/\/www.salsa-im-wendland.de\/index.php?rest_route=\/wp\/v2\/posts\/3267"}],"collection":[{"href":"http:\/\/www.salsa-im-wendland.de\/index.php?rest_route=\/wp\/v2\/posts"}],"about":[{"href":"http:\/\/www.salsa-im-wendland.de\/index.php?rest_route=\/wp\/v2\/types\/post"}],"author":[{"embeddable":true,"href":"http:\/\/www.salsa-im-wendland.de\/index.php?rest_route=\/wp\/v2\/users\/3"}],"replies":[{"embeddable":true,"href":"http:\/\/www.salsa-im-wendland.de\/index.php?rest_route=%2Fwp%2Fv2%2Fcomments&post=3267"}],"version-history":[{"count":2,"href":"http:\/\/www.salsa-im-wendland.de\/index.php?rest_route=\/wp\/v2\/posts\/3267\/revisions"}],"predecessor-version":[{"id":3270,"href":"http:\/\/www.salsa-im-wendland.de\/index.php?rest_route=\/wp\/v2\/posts\/3267\/revisions\/3270"}],"wp:attachment":[{"href":"http:\/\/www.salsa-im-wendland.de\/index.php?rest_route=%2Fwp%2Fv2%2Fmedia&parent=3267"}],"wp:term":[{"taxonomy":"category","embeddable":true,"href":"http:\/\/www.salsa-im-wendland.de\/index.php?rest_route=%2Fwp%2Fv2%2Fcategories&post=3267"},{"taxonomy":"post_tag","embeddable":true,"href":"http:\/\/www.salsa-im-wendland.de\/index.php?rest_route=%2Fwp%2Fv2%2Ftags&post=3267"}],"curies":[{"name":"wp","href":"https:\/\/api.w.org\/{rel}","templated":true}]}}