{"id":3139,"date":"2023-05-01T11:51:34","date_gmt":"2023-05-01T09:51:34","guid":{"rendered":"http:\/\/www.salsa-im-wendland.de\/?p=3139"},"modified":"2023-05-01T11:53:13","modified_gmt":"2023-05-01T09:53:13","slug":"salsa-party-in-platenlaase","status":"publish","type":"post","link":"http:\/\/www.salsa-im-wendland.de\/?p=3139","title":{"rendered":"Salsa Party in Platenlaase&#8230;"},"content":{"rendered":"\n<p>\ud83c\udff3\ufe0f\u200d\ud83c\udf08  Im 1. Semester der KVHS-Salsa-Kurse wird Bergfest gefeiert  <strong>am<\/strong> <strong>Samstag, dem 13. Mai in Platenlaase<\/strong> \ud83c\udfb6\ud83c\udf79<br><strong>Der Eintritt<\/strong> f\u00fcr den Grundschritt-Workshop mit Matthias ab 19 Uhr und die anschlie\u00dfende Party bis 23 Uhr <strong>ist f\u00fcr alle Interessierten bis 27 frei!!<\/strong><br>Ab 23 Uhr \u00fcbernehmen die Freunde des ESC den Tanzsaal&#8230;                  \ud83d\udc83\ud83d\udd7a<\/p>\n","protected":false},"excerpt":{"rendered":"<p>\ud83c\udff3\ufe0f\u200d\ud83c\udf08 Im 1. Semester der KVHS-Salsa-Kurse wird Bergfest gefeiert am Samstag, dem 13. Mai in Platenlaase \ud83c\udfb6\ud83c\udf79Der Eintritt f\u00fcr den Grundschritt-Workshop mit Matthias ab 19 Uhr und die anschlie\u00dfende Party bis 23 Uhr ist f\u00fcr alle Interessierten bis 27 frei!!Ab &hellip; <a href=\"http:\/\/www.salsa-im-wendland.de\/?p=3139\">Weiterlesen <span class=\"meta-nav\">&rarr;<\/span><\/a><\/p>\n","protected":false},"author":3,"featured_media":0,"comment_status":"closed","ping_status":"open","sticky":false,"template":"","format":"standard","meta":[],"categories":[1],"tags":[],"_links":{"self":[{"href":"http:\/\/www.salsa-im-wendland.de\/index.php?rest_route=\/wp\/v2\/posts\/3139"}],"collection":[{"href":"http:\/\/www.salsa-im-wendland.de\/index.php?rest_route=\/wp\/v2\/posts"}],"about":[{"href":"http:\/\/www.salsa-im-wendland.de\/index.php?rest_route=\/wp\/v2\/types\/post"}],"author":[{"embeddable":true,"href":"http:\/\/www.salsa-im-wendland.de\/index.php?rest_route=\/wp\/v2\/users\/3"}],"replies":[{"embeddable":true,"href":"http:\/\/www.salsa-im-wendland.de\/index.php?rest_route=%2Fwp%2Fv2%2Fcomments&post=3139"}],"version-history":[{"count":3,"href":"http:\/\/www.salsa-im-wendland.de\/index.php?rest_route=\/wp\/v2\/posts\/3139\/revisions"}],"predecessor-version":[{"id":3145,"href":"http:\/\/www.salsa-im-wendland.de\/index.php?rest_route=\/wp\/v2\/posts\/3139\/revisions\/3145"}],"wp:attachment":[{"href":"http:\/\/www.salsa-im-wendland.de\/index.php?rest_route=%2Fwp%2Fv2%2Fmedia&parent=3139"}],"wp:term":[{"taxonomy":"category","embeddable":true,"href":"http:\/\/www.salsa-im-wendland.de\/index.php?rest_route=%2Fwp%2Fv2%2Fcategories&post=3139"},{"taxonomy":"post_tag","embeddable":true,"href":"http:\/\/www.salsa-im-wendland.de\/index.php?rest_route=%2Fwp%2Fv2%2Ftags&post=3139"}],"curies":[{"name":"wp","href":"https:\/\/api.w.org\/{rel}","templated":true}]}}