{"id":2966,"date":"2022-09-25T16:40:48","date_gmt":"2022-09-25T14:40:48","guid":{"rendered":"http:\/\/www.salsa-im-wendland.de\/?p=2966"},"modified":"2022-12-04T11:49:29","modified_gmt":"2022-12-04T10:49:29","slug":"kvhs-salsa-kurse","status":"publish","type":"post","link":"http:\/\/www.salsa-im-wendland.de\/?p=2966","title":{"rendered":"KVHS Salsa Kurse&#8230;"},"content":{"rendered":"\n<p style=\"font-size:18px\">ab dem 04. Oktober in L\u00fcchow und ab dem 05. 10. in Dannenberg f\u00fcr Anf\u00e4nger und Fortgeschrittene!<\/p>\n","protected":false},"excerpt":{"rendered":"<p>ab dem 04. Oktober in L\u00fcchow und ab dem 05. 10. in Dannenberg f\u00fcr Anf\u00e4nger und Fortgeschrittene!<\/p>\n","protected":false},"author":3,"featured_media":0,"comment_status":"closed","ping_status":"open","sticky":false,"template":"","format":"standard","meta":[],"categories":[1],"tags":[],"_links":{"self":[{"href":"http:\/\/www.salsa-im-wendland.de\/index.php?rest_route=\/wp\/v2\/posts\/2966"}],"collection":[{"href":"http:\/\/www.salsa-im-wendland.de\/index.php?rest_route=\/wp\/v2\/posts"}],"about":[{"href":"http:\/\/www.salsa-im-wendland.de\/index.php?rest_route=\/wp\/v2\/types\/post"}],"author":[{"embeddable":true,"href":"http:\/\/www.salsa-im-wendland.de\/index.php?rest_route=\/wp\/v2\/users\/3"}],"replies":[{"embeddable":true,"href":"http:\/\/www.salsa-im-wendland.de\/index.php?rest_route=%2Fwp%2Fv2%2Fcomments&post=2966"}],"version-history":[{"count":4,"href":"http:\/\/www.salsa-im-wendland.de\/index.php?rest_route=\/wp\/v2\/posts\/2966\/revisions"}],"predecessor-version":[{"id":2973,"href":"http:\/\/www.salsa-im-wendland.de\/index.php?rest_route=\/wp\/v2\/posts\/2966\/revisions\/2973"}],"wp:attachment":[{"href":"http:\/\/www.salsa-im-wendland.de\/index.php?rest_route=%2Fwp%2Fv2%2Fmedia&parent=2966"}],"wp:term":[{"taxonomy":"category","embeddable":true,"href":"http:\/\/www.salsa-im-wendland.de\/index.php?rest_route=%2Fwp%2Fv2%2Fcategories&post=2966"},{"taxonomy":"post_tag","embeddable":true,"href":"http:\/\/www.salsa-im-wendland.de\/index.php?rest_route=%2Fwp%2Fv2%2Ftags&post=2966"}],"curies":[{"name":"wp","href":"https:\/\/api.w.org\/{rel}","templated":true}]}}