{"id":2755,"date":"2021-09-10T11:34:37","date_gmt":"2021-09-10T09:34:37","guid":{"rendered":"http:\/\/www.salsa-im-wendland.de\/?p=2755"},"modified":"2021-09-10T11:34:37","modified_gmt":"2021-09-10T09:34:37","slug":"kvhs-salsa-kurse-beginnen","status":"publish","type":"post","link":"http:\/\/www.salsa-im-wendland.de\/?p=2755","title":{"rendered":"KVHS &#8211; SALSA &#8211; KURSE beginnen"},"content":{"rendered":"\n<p>in L\u00fcchow ab Dienstag, den 28. September und in Dannenberg ab Mittwoch, den 29. September ? die 3G-Regel macht es m\u00f6glich;<br>Schriftliche Anmeldung bei der KVHS ist erforderlich!<\/p>\n\n\n\n<p>N\u00e4heres unter &#8222;Tanzkurse&#8220; und Infos zu 3G nach Anmeldung von der KVHS!<\/p>\n","protected":false},"excerpt":{"rendered":"<p>in L\u00fcchow ab Dienstag, den 28. September und in Dannenberg ab Mittwoch, den 29. September ? die 3G-Regel macht es m\u00f6glich;Schriftliche Anmeldung bei der KVHS ist erforderlich! N\u00e4heres unter &#8222;Tanzkurse&#8220; und Infos zu 3G nach Anmeldung von der KVHS!<\/p>\n","protected":false},"author":3,"featured_media":0,"comment_status":"closed","ping_status":"open","sticky":false,"template":"","format":"standard","meta":[],"categories":[1],"tags":[],"_links":{"self":[{"href":"http:\/\/www.salsa-im-wendland.de\/index.php?rest_route=\/wp\/v2\/posts\/2755"}],"collection":[{"href":"http:\/\/www.salsa-im-wendland.de\/index.php?rest_route=\/wp\/v2\/posts"}],"about":[{"href":"http:\/\/www.salsa-im-wendland.de\/index.php?rest_route=\/wp\/v2\/types\/post"}],"author":[{"embeddable":true,"href":"http:\/\/www.salsa-im-wendland.de\/index.php?rest_route=\/wp\/v2\/users\/3"}],"replies":[{"embeddable":true,"href":"http:\/\/www.salsa-im-wendland.de\/index.php?rest_route=%2Fwp%2Fv2%2Fcomments&post=2755"}],"version-history":[{"count":0,"href":"http:\/\/www.salsa-im-wendland.de\/index.php?rest_route=\/wp\/v2\/posts\/2755\/revisions"}],"wp:attachment":[{"href":"http:\/\/www.salsa-im-wendland.de\/index.php?rest_route=%2Fwp%2Fv2%2Fmedia&parent=2755"}],"wp:term":[{"taxonomy":"category","embeddable":true,"href":"http:\/\/www.salsa-im-wendland.de\/index.php?rest_route=%2Fwp%2Fv2%2Fcategories&post=2755"},{"taxonomy":"post_tag","embeddable":true,"href":"http:\/\/www.salsa-im-wendland.de\/index.php?rest_route=%2Fwp%2Fv2%2Ftags&post=2755"}],"curies":[{"name":"wp","href":"https:\/\/api.w.org\/{rel}","templated":true}]}}