{"id":2405,"date":"2019-07-03T12:55:30","date_gmt":"2019-07-03T10:55:30","guid":{"rendered":"http:\/\/www.salsa-im-wendland.de\/?p=2405"},"modified":"2019-07-03T12:55:30","modified_gmt":"2019-07-03T10:55:30","slug":"salsa-club-goes-kuba-2","status":"publish","type":"post","link":"http:\/\/www.salsa-im-wendland.de\/?p=2405","title":{"rendered":"Salsa Club goes KuBa"},"content":{"rendered":"<p><strong>am Freitag, dem 19. Juli, in Hitzacker mit Grundschritttraining ab 19 Uhr!<\/strong><\/p>\n<p>Unsere Fiesta de Verano hat gro\u00dfen Spa\u00df gemacht, u.a. wegen unserer G\u00e4ste aus Rostock, die uns mit einer wahrhaft inspirierenden Rueda erfreut haben.<\/p>\n<p><\/p>\n\n\n<ul class=\"wp-block-gallery columns-1 is-cropped\"><li class=\"blocks-gallery-item\"><figure><img loading=\"lazy\" width=\"1024\" height=\"498\" src=\"http:\/\/www.salsa-im-wendland.de\/wp-content\/uploads\/2019\/07\/20190629_214312-2-1024x498.jpg\" alt=\"\" data-id=\"2416\" data-link=\"http:\/\/www.salsa-im-wendland.de\/?attachment_id=2416\" class=\"wp-image-2416\" srcset=\"http:\/\/www.salsa-im-wendland.de\/wp-content\/uploads\/2019\/07\/20190629_214312-2-1024x498.jpg 1024w, http:\/\/www.salsa-im-wendland.de\/wp-content\/uploads\/2019\/07\/20190629_214312-2-300x146.jpg 300w, http:\/\/www.salsa-im-wendland.de\/wp-content\/uploads\/2019\/07\/20190629_214312-2-768x373.jpg 768w, http:\/\/www.salsa-im-wendland.de\/wp-content\/uploads\/2019\/07\/20190629_214312-2-1536x746.jpg 1536w, http:\/\/www.salsa-im-wendland.de\/wp-content\/uploads\/2019\/07\/20190629_214312-2-2048x995.jpg 2048w, http:\/\/www.salsa-im-wendland.de\/wp-content\/uploads\/2019\/07\/20190629_214312-2-500x243.jpg 500w\" sizes=\"(max-width: 1024px) 100vw, 1024px\" \/><\/figure><\/li><\/ul>\n","protected":false},"excerpt":{"rendered":"<p>am Freitag, dem 19. Juli, in Hitzacker mit Grundschritttraining ab 19 Uhr! Unsere Fiesta de Verano hat gro\u00dfen Spa\u00df gemacht, u.a. wegen unserer G\u00e4ste aus Rostock, die uns mit einer wahrhaft inspirierenden Rueda erfreut haben.<\/p>\n","protected":false},"author":3,"featured_media":0,"comment_status":"closed","ping_status":"open","sticky":false,"template":"","format":"standard","meta":[],"categories":[2],"tags":[],"_links":{"self":[{"href":"http:\/\/www.salsa-im-wendland.de\/index.php?rest_route=\/wp\/v2\/posts\/2405"}],"collection":[{"href":"http:\/\/www.salsa-im-wendland.de\/index.php?rest_route=\/wp\/v2\/posts"}],"about":[{"href":"http:\/\/www.salsa-im-wendland.de\/index.php?rest_route=\/wp\/v2\/types\/post"}],"author":[{"embeddable":true,"href":"http:\/\/www.salsa-im-wendland.de\/index.php?rest_route=\/wp\/v2\/users\/3"}],"replies":[{"embeddable":true,"href":"http:\/\/www.salsa-im-wendland.de\/index.php?rest_route=%2Fwp%2Fv2%2Fcomments&post=2405"}],"version-history":[{"count":0,"href":"http:\/\/www.salsa-im-wendland.de\/index.php?rest_route=\/wp\/v2\/posts\/2405\/revisions"}],"wp:attachment":[{"href":"http:\/\/www.salsa-im-wendland.de\/index.php?rest_route=%2Fwp%2Fv2%2Fmedia&parent=2405"}],"wp:term":[{"taxonomy":"category","embeddable":true,"href":"http:\/\/www.salsa-im-wendland.de\/index.php?rest_route=%2Fwp%2Fv2%2Fcategories&post=2405"},{"taxonomy":"post_tag","embeddable":true,"href":"http:\/\/www.salsa-im-wendland.de\/index.php?rest_route=%2Fwp%2Fv2%2Ftags&post=2405"}],"curies":[{"name":"wp","href":"https:\/\/api.w.org\/{rel}","templated":true}]}}