{"id":2301,"date":"2019-02-17T19:07:31","date_gmt":"2019-02-17T17:07:31","guid":{"rendered":"http:\/\/www.salsa-im-wendland.de\/?p=2301"},"modified":"2019-02-17T19:07:31","modified_gmt":"2019-02-17T17:07:31","slug":"workshops-mit-clea-aus-berlin","status":"publish","type":"post","link":"http:\/\/www.salsa-im-wendland.de\/?p=2301","title":{"rendered":"Workshops mit Clea aus Berlin"},"content":{"rendered":"<p><span style=\"color: #ff6600;\"><strong>am Sonntag, dem 03. M\u00e4rz in Krummasel<\/strong><\/span><\/p>\n<p>Ab <span style=\"color: #000000;\">14 Uhr Suelta (Salsa solo)<\/span>: gut f\u00fcr Anf\u00e4nger&nbsp;&nbsp; 7 \u20ac<br \/>\nUm 15 Uhr eine kurze Pause im Caf\u00e9 Krummasel<br \/>\nAb <span style=\"color: #000000;\">15:30 Uhr gibt&#8217;s eine neue Paarfigur:<\/span> Vorkenntnisse erforderlich &nbsp; 8\u20ac<br \/>\nAb <span style=\"color: #000000;\">17 Uhr dann etwas Neues f\u00fcr die Rueda&nbsp; <\/span>7 \u20ac<\/p>\n<p>Alle drei Workshops : 20 \u20ac<\/p>\n<p><em>Ab 18 Uhr ist die warme K\u00fcche Krummasel ge\u00f6ffnet.<\/em><\/p>\n","protected":false},"excerpt":{"rendered":"<p>am Sonntag, dem 03. M\u00e4rz in Krummasel Ab 14 Uhr Suelta (Salsa solo): gut f\u00fcr Anf\u00e4nger&nbsp;&nbsp; 7 \u20ac Um 15 Uhr eine kurze Pause im Caf\u00e9 Krummasel Ab 15:30 Uhr gibt&#8217;s eine neue Paarfigur: Vorkenntnisse erforderlich &nbsp; 8\u20ac Ab 17 &hellip; <a href=\"http:\/\/www.salsa-im-wendland.de\/?p=2301\">Weiterlesen <span class=\"meta-nav\">&rarr;<\/span><\/a><\/p>\n","protected":false},"author":3,"featured_media":0,"comment_status":"closed","ping_status":"open","sticky":false,"template":"","format":"standard","meta":[],"categories":[2],"tags":[],"_links":{"self":[{"href":"http:\/\/www.salsa-im-wendland.de\/index.php?rest_route=\/wp\/v2\/posts\/2301"}],"collection":[{"href":"http:\/\/www.salsa-im-wendland.de\/index.php?rest_route=\/wp\/v2\/posts"}],"about":[{"href":"http:\/\/www.salsa-im-wendland.de\/index.php?rest_route=\/wp\/v2\/types\/post"}],"author":[{"embeddable":true,"href":"http:\/\/www.salsa-im-wendland.de\/index.php?rest_route=\/wp\/v2\/users\/3"}],"replies":[{"embeddable":true,"href":"http:\/\/www.salsa-im-wendland.de\/index.php?rest_route=%2Fwp%2Fv2%2Fcomments&post=2301"}],"version-history":[{"count":0,"href":"http:\/\/www.salsa-im-wendland.de\/index.php?rest_route=\/wp\/v2\/posts\/2301\/revisions"}],"wp:attachment":[{"href":"http:\/\/www.salsa-im-wendland.de\/index.php?rest_route=%2Fwp%2Fv2%2Fmedia&parent=2301"}],"wp:term":[{"taxonomy":"category","embeddable":true,"href":"http:\/\/www.salsa-im-wendland.de\/index.php?rest_route=%2Fwp%2Fv2%2Fcategories&post=2301"},{"taxonomy":"post_tag","embeddable":true,"href":"http:\/\/www.salsa-im-wendland.de\/index.php?rest_route=%2Fwp%2Fv2%2Ftags&post=2301"}],"curies":[{"name":"wp","href":"https:\/\/api.w.org\/{rel}","templated":true}]}}