{"id":2293,"date":"2019-02-01T21:31:19","date_gmt":"2019-02-01T19:31:19","guid":{"rendered":"http:\/\/www.salsa-im-wendland.de\/?p=2293"},"modified":"2019-02-01T21:31:19","modified_gmt":"2019-02-01T19:31:19","slug":"neue-kurse-2019","status":"publish","type":"post","link":"http:\/\/www.salsa-im-wendland.de\/?p=2293","title":{"rendered":"Neue Kurse 2019"},"content":{"rendered":"<p>Am Dienstag, dem<strong> 05. Februar<\/strong> beginnen in L\u00fcchow und am Mittwoch, dem <strong>06. Februar<\/strong> in Dannenberg die neuen Salsa-Kurse; In Dannenberg endlich wieder ein Anf\u00e4ngerkurse um 18:30 Uhr. Also schaut vorbei!<br \/>\nEinen dreist\u00fcndigen Einsteiger-Workshop gibt es am Sonntag, dem <strong>10.02. ab 15 Uhr<\/strong> in L\u00fcchow.<br \/>\nAm Freitag, dem <strong>15.02.<\/strong>, treffen wir uns im KuBa in Hitzacker ab 19 Uhr ?<br \/>\n<em><strong><span style=\"color: #ff0000;\">Vorschau auf den M\u00e4rz: Am Sonntag, dem 03.03. gibt es in Krummasel Workshops mit Clea aus Berlin ab 14 Uhr! 0170 2988325<\/span><\/strong><\/em><\/p>\n","protected":false},"excerpt":{"rendered":"<p>Am Dienstag, dem 05. Februar beginnen in L\u00fcchow und am Mittwoch, dem 06. Februar in Dannenberg die neuen Salsa-Kurse; In Dannenberg endlich wieder ein Anf\u00e4ngerkurse um 18:30 Uhr. Also schaut vorbei! Einen dreist\u00fcndigen Einsteiger-Workshop gibt es am Sonntag, dem 10.02. &hellip; <a href=\"http:\/\/www.salsa-im-wendland.de\/?p=2293\">Weiterlesen <span class=\"meta-nav\">&rarr;<\/span><\/a><\/p>\n","protected":false},"author":3,"featured_media":0,"comment_status":"closed","ping_status":"open","sticky":false,"template":"","format":"standard","meta":[],"categories":[2],"tags":[],"_links":{"self":[{"href":"http:\/\/www.salsa-im-wendland.de\/index.php?rest_route=\/wp\/v2\/posts\/2293"}],"collection":[{"href":"http:\/\/www.salsa-im-wendland.de\/index.php?rest_route=\/wp\/v2\/posts"}],"about":[{"href":"http:\/\/www.salsa-im-wendland.de\/index.php?rest_route=\/wp\/v2\/types\/post"}],"author":[{"embeddable":true,"href":"http:\/\/www.salsa-im-wendland.de\/index.php?rest_route=\/wp\/v2\/users\/3"}],"replies":[{"embeddable":true,"href":"http:\/\/www.salsa-im-wendland.de\/index.php?rest_route=%2Fwp%2Fv2%2Fcomments&post=2293"}],"version-history":[{"count":0,"href":"http:\/\/www.salsa-im-wendland.de\/index.php?rest_route=\/wp\/v2\/posts\/2293\/revisions"}],"wp:attachment":[{"href":"http:\/\/www.salsa-im-wendland.de\/index.php?rest_route=%2Fwp%2Fv2%2Fmedia&parent=2293"}],"wp:term":[{"taxonomy":"category","embeddable":true,"href":"http:\/\/www.salsa-im-wendland.de\/index.php?rest_route=%2Fwp%2Fv2%2Fcategories&post=2293"},{"taxonomy":"post_tag","embeddable":true,"href":"http:\/\/www.salsa-im-wendland.de\/index.php?rest_route=%2Fwp%2Fv2%2Ftags&post=2293"}],"curies":[{"name":"wp","href":"https:\/\/api.w.org\/{rel}","templated":true}]}}