{"id":2226,"date":"2018-10-01T18:03:34","date_gmt":"2018-10-01T16:03:34","guid":{"rendered":"http:\/\/www.salsa-im-wendland.de\/?p=2226"},"modified":"2018-10-01T18:03:34","modified_gmt":"2018-10-01T16:03:34","slug":"salsa-nach-den-herbstferien","status":"publish","type":"post","link":"http:\/\/www.salsa-im-wendland.de\/?p=2226","title":{"rendered":"Salsa nach den Herbstferien"},"content":{"rendered":"<p><strong>Wir sehen uns wieder am 16.10.<\/strong> in L\u00fcchow <strong>und am 17.10.<\/strong> in Dannenberg: Die neuen Kurse beginnen!<br \/>\n<strong><span style=\"color: #ff6600;\">Am Sonntag, dem 14. Oktober, gibt es einen dreist\u00fcndigen KVHS-Workshop ab 15 Uhr<\/span> <span style=\"color: #ff6600;\">f\u00fcr Anf\u00e4nger<\/span> <\/strong>mit Matthias; Ihr macht euch fit f\u00fcr den Workshop mit Jessica Vasquez, der am SAMSTAG!, dem 20. Oktober vor dem Konzert ist.<br \/>\n<span style=\"color: #3366ff;\">Jessica ist eine Tanztrainerin aus Hamburg, die mit viel Knowhow, Spa\u00df und ganz ohne Tanzschulen-Beigeschmack mit uns eine neue Figur ein\u00fcben wird.<\/span><\/p>\n","protected":false},"excerpt":{"rendered":"<p>Wir sehen uns wieder am 16.10. in L\u00fcchow und am 17.10. in Dannenberg: Die neuen Kurse beginnen! Am Sonntag, dem 14. Oktober, gibt es einen dreist\u00fcndigen KVHS-Workshop ab 15 Uhr f\u00fcr Anf\u00e4nger mit Matthias; Ihr macht euch fit f\u00fcr den &hellip; <a href=\"http:\/\/www.salsa-im-wendland.de\/?p=2226\">Weiterlesen <span class=\"meta-nav\">&rarr;<\/span><\/a><\/p>\n","protected":false},"author":3,"featured_media":0,"comment_status":"closed","ping_status":"open","sticky":false,"template":"","format":"standard","meta":[],"categories":[1],"tags":[],"_links":{"self":[{"href":"http:\/\/www.salsa-im-wendland.de\/index.php?rest_route=\/wp\/v2\/posts\/2226"}],"collection":[{"href":"http:\/\/www.salsa-im-wendland.de\/index.php?rest_route=\/wp\/v2\/posts"}],"about":[{"href":"http:\/\/www.salsa-im-wendland.de\/index.php?rest_route=\/wp\/v2\/types\/post"}],"author":[{"embeddable":true,"href":"http:\/\/www.salsa-im-wendland.de\/index.php?rest_route=\/wp\/v2\/users\/3"}],"replies":[{"embeddable":true,"href":"http:\/\/www.salsa-im-wendland.de\/index.php?rest_route=%2Fwp%2Fv2%2Fcomments&post=2226"}],"version-history":[{"count":0,"href":"http:\/\/www.salsa-im-wendland.de\/index.php?rest_route=\/wp\/v2\/posts\/2226\/revisions"}],"wp:attachment":[{"href":"http:\/\/www.salsa-im-wendland.de\/index.php?rest_route=%2Fwp%2Fv2%2Fmedia&parent=2226"}],"wp:term":[{"taxonomy":"category","embeddable":true,"href":"http:\/\/www.salsa-im-wendland.de\/index.php?rest_route=%2Fwp%2Fv2%2Fcategories&post=2226"},{"taxonomy":"post_tag","embeddable":true,"href":"http:\/\/www.salsa-im-wendland.de\/index.php?rest_route=%2Fwp%2Fv2%2Ftags&post=2226"}],"curies":[{"name":"wp","href":"https:\/\/api.w.org\/{rel}","templated":true}]}}