{"id":2131,"date":"2018-05-29T15:32:27","date_gmt":"2018-05-29T13:32:27","guid":{"rendered":"http:\/\/www.salsa-im-wendland.de\/?p=2131"},"modified":"2018-05-29T15:32:27","modified_gmt":"2018-05-29T13:32:27","slug":"sommer-salsa","status":"publish","type":"post","link":"http:\/\/www.salsa-im-wendland.de\/?p=2131","title":{"rendered":"Sommer &#8211; Salsa"},"content":{"rendered":"<p>bei der <strong><span style=\"color: #ff6600;\"><em>Fiesta de Verano<\/em><\/span>\u00a0 am Freitag, dem 15. Juni ab 18 Uhr<\/strong> im KuBa in Hitzacker.<br \/>\nWir begr\u00fc\u00dfen den Sommer mit einem Workshop, den die temperamentvolle Jessica Velasquez aus Hamburg leiten wird.<br \/>\nDanach geht es weiter mit s\u00fcdamerikanischer Lebensfreude, Party und Buffet: F\u00fcr&#8217;s Buffet bringt bitte jeder etwas Leckeres mit und die Getr\u00e4nke kaufen wir im Kuba.<br \/>\nWeitere Infos und Anmeldung zum Workshop unter Tel. 0170 2988325<\/p>\n","protected":false},"excerpt":{"rendered":"<p>bei der Fiesta de Verano\u00a0 am Freitag, dem 15. Juni ab 18 Uhr im KuBa in Hitzacker. Wir begr\u00fc\u00dfen den Sommer mit einem Workshop, den die temperamentvolle Jessica Velasquez aus Hamburg leiten wird. Danach geht es weiter mit s\u00fcdamerikanischer Lebensfreude, &hellip; <a href=\"http:\/\/www.salsa-im-wendland.de\/?p=2131\">Weiterlesen <span class=\"meta-nav\">&rarr;<\/span><\/a><\/p>\n","protected":false},"author":3,"featured_media":0,"comment_status":"closed","ping_status":"open","sticky":false,"template":"","format":"standard","meta":[],"categories":[2],"tags":[],"_links":{"self":[{"href":"http:\/\/www.salsa-im-wendland.de\/index.php?rest_route=\/wp\/v2\/posts\/2131"}],"collection":[{"href":"http:\/\/www.salsa-im-wendland.de\/index.php?rest_route=\/wp\/v2\/posts"}],"about":[{"href":"http:\/\/www.salsa-im-wendland.de\/index.php?rest_route=\/wp\/v2\/types\/post"}],"author":[{"embeddable":true,"href":"http:\/\/www.salsa-im-wendland.de\/index.php?rest_route=\/wp\/v2\/users\/3"}],"replies":[{"embeddable":true,"href":"http:\/\/www.salsa-im-wendland.de\/index.php?rest_route=%2Fwp%2Fv2%2Fcomments&post=2131"}],"version-history":[{"count":0,"href":"http:\/\/www.salsa-im-wendland.de\/index.php?rest_route=\/wp\/v2\/posts\/2131\/revisions"}],"wp:attachment":[{"href":"http:\/\/www.salsa-im-wendland.de\/index.php?rest_route=%2Fwp%2Fv2%2Fmedia&parent=2131"}],"wp:term":[{"taxonomy":"category","embeddable":true,"href":"http:\/\/www.salsa-im-wendland.de\/index.php?rest_route=%2Fwp%2Fv2%2Fcategories&post=2131"},{"taxonomy":"post_tag","embeddable":true,"href":"http:\/\/www.salsa-im-wendland.de\/index.php?rest_route=%2Fwp%2Fv2%2Ftags&post=2131"}],"curies":[{"name":"wp","href":"https:\/\/api.w.org\/{rel}","templated":true}]}}